{"id":243,"date":"2025-03-21T15:56:11","date_gmt":"2025-03-21T12:56:11","guid":{"rendered":"https:\/\/lorenz.com.tr\/?p=243"},"modified":"2025-03-21T15:56:11","modified_gmt":"2025-03-21T12:56:11","slug":"2025-yili-asgari-ucret-destegi","status":"publish","type":"post","link":"https:\/\/lorenz.com.tr\/en\/2025-yili-asgari-ucret-destegi\/","title":{"rendered":"2025 Y\u0131l\u0131 Asgari \u00dccret Deste\u011fi"},"content":{"rendered":"<p>30\/01\/2025 tarihinde TBMM\u2019 de kabul edilen 7539 say\u0131l\u0131 Kanunun asgari \u00fccret deste\u011fine ili\u015fkin 5 inci maddesi ile 5510 say\u0131l\u0131 Kanuna ge\u00e7ici 109 inci madde eklenmi\u015ftir.<\/p>\n<p>Eklenen madde ile 01\/01\/2025-31\/12\/2025 d\u00f6nemi i\u00e7in asgari \u00fccret deste\u011fi 1.000 TL olarak kararla\u015ft\u0131r\u0131lm\u0131\u015ft\u0131r. <\/p>\n<p> 1. Destekten Kimler Yararlanabilir?<\/p>\n<p> 2025 y\u0131l\u0131nda, 2024 y\u0131l\u0131 \u00f6ncesi tescil edilen i\u015fyerleri i\u00e7in prime esas g\u00fcnl\u00fck kazanc\u0131 1.000 TL, toplu i\u015f s\u00f6zle\u015fmesi uygulanan \u00f6zel sekt\u00f6r i\u015fverenlerine ait i\u015fyerleri i\u00e7in 2.000 TL ve Linyit ve Ta\u015fk\u00f6m\u00fcr\u00fc \u00e7\u0131kar\u0131lan i\u015fyerleri i\u00e7in 2.667 TL ve alt\u0131nda olan, 2025 y\u0131l\u0131nda tescil edilen i\u015fyerleri i\u00e7in ise uzun vadeli sigorta kollar\u0131na tabi t\u00fcm sigortal\u0131lar\u0131n \u00e7al\u0131\u015fma g\u00fcn say\u0131s\u0131n\u0131n; g\u00fcnl\u00fck 33,33 TL ile \u00e7arp\u0131lmas\u0131 sonucu bulunacak tutar kadar 2025 y\u0131l\u0131 Ocak ila Aral\u0131k ay\u0131 d\u00f6neminde asgari \u00fccret deste\u011fi sa\u011flanacakt\u0131r.<\/p>\n<p> 2. Ba\u015fvuru \u015eartlar\u0131 ve S\u00fcreci<\/p>\n<p>\u2022  Asgari \u00fccret deste\u011fi otomatik olarak SGK taraf\u0131ndan uygulanacakt\u0131r; i\u015fverenlerin ayr\u0131ca ba\u015fvuru yapmas\u0131na gerek yoktur.<\/p>\n<p>\u2022    \u0130\u015fverenlerin ayl\u0131k prim ve hizmet belgelerini s\u00fcresi i\u00e7inde vermesi ve sigorta primlerini d\u00fczenli \u00f6demesi gerekmektedir.<\/p>\n<p>\u2022    Destekten faydalanmak isteyen i\u015fverenlerin herhangi bir te\u015fvik veya destek kapsam\u0131nda usuls\u00fcz bildirimde bulunmam\u0131\u015f olmas\u0131 gerekmektedir.<\/p>\n<p> 3. Kimler Yararlanamaz?<\/p>\n<p>\u2022    Sahte sigortal\u0131 bildiriminde bulunan i\u015fyerleri,<\/p>\n<p>\u2022    Vergi ve SGK prim \u00f6demelerini yerine getiremeyen i\u015fverenler,<\/p>\n<p>\u2022    Kamu kurumlar\u0131 ve kamuya ait i\u015fletmeler.<\/p>\n<p>4. \u00d6nemli Hususlar<\/p>\n<p>\u2022  SGK ve Vergi Denetimleri Artacak: Destekten usuls\u00fcz yararlanan i\u015fverenler hakk\u0131nda cezai i\u015flem uygulanabilecektir.<\/p>\n<p>\u2022  Mahsup \u0130\u015flemi: Destek b\u00f6lerek, do\u011frudan SGK prim bor\u00e7lar\u0131ndan d\u00fc\u015f\u00fclecek ve i\u015fverenlerin \u00f6demesi gereken miktar azalacakt\u0131r.<\/p>\n<p>\u2022  Toplu \u0130\u015f S\u00f6zle\u015fmesine Tabi \u0130\u015fyerleri: G\u00fcnl\u00fck prime esas kazan\u00e7 limiti 2.000 TL olarak hesaplanacakt\u0131r.<\/p>\n","protected":false},"excerpt":{"rendered":"<p>30\/01\/2025 tarihinde TBMM\u2019 de kabul edilen 7539 say\u0131l\u0131 Kanunun asgari \u00fccret deste\u011fine ili\u015fkin 5 inci maddesi ile 5510 say\u0131l\u0131 Kanuna ge\u00e7ici 109 inci madde eklenmi\u015ftir. Eklenen madde ile 01\/01\/2025-31\/12\/2025 d\u00f6nemi i\u00e7in asgari \u00fccret deste\u011fi 1.000 TL olarak kararla\u015ft\u0131r\u0131lm\u0131\u015ft\u0131r. 1. Destekten Kimler Yararlanabilir? 2025 y\u0131l\u0131nda, 2024 y\u0131l\u0131 \u00f6ncesi tescil edilen i\u015fyerleri i\u00e7in prime esas g\u00fcnl\u00fck kazanc\u0131 [&hellip;]<\/p>\n","protected":false},"author":1,"featured_media":158,"comment_status":"open","ping_status":"open","sticky":false,"template":"","format":"standard","meta":[],"categories":[2],"tags":[],"_links":{"self":[{"href":"https:\/\/lorenz.com.tr\/en\/wp-json\/wp\/v2\/posts\/243"}],"collection":[{"href":"https:\/\/lorenz.com.tr\/en\/wp-json\/wp\/v2\/posts"}],"about":[{"href":"https:\/\/lorenz.com.tr\/en\/wp-json\/wp\/v2\/types\/post"}],"author":[{"embeddable":true,"href":"https:\/\/lorenz.com.tr\/en\/wp-json\/wp\/v2\/users\/1"}],"replies":[{"embeddable":true,"href":"https:\/\/lorenz.com.tr\/en\/wp-json\/wp\/v2\/comments?post=243"}],"version-history":[{"count":2,"href":"https:\/\/lorenz.com.tr\/en\/wp-json\/wp\/v2\/posts\/243\/revisions"}],"predecessor-version":[{"id":245,"href":"https:\/\/lorenz.com.tr\/en\/wp-json\/wp\/v2\/posts\/243\/revisions\/245"}],"wp:featuredmedia":[{"embeddable":true,"href":"https:\/\/lorenz.com.tr\/en\/wp-json\/wp\/v2\/media\/158"}],"wp:attachment":[{"href":"https:\/\/lorenz.com.tr\/en\/wp-json\/wp\/v2\/media?parent=243"}],"wp:term":[{"taxonomy":"category","embeddable":true,"href":"https:\/\/lorenz.com.tr\/en\/wp-json\/wp\/v2\/categories?post=243"},{"taxonomy":"post_tag","embeddable":true,"href":"https:\/\/lorenz.com.tr\/en\/wp-json\/wp\/v2\/tags?post=243"}],"curies":[{"name":"wp","href":"https:\/\/api.w.org\/{rel}","templated":true}]}}