{"id":122,"date":"2023-08-22T10:06:56","date_gmt":"2023-08-22T07:06:56","guid":{"rendered":"https:\/\/lorenz.com.tr\/?p=122"},"modified":"2025-01-30T18:04:01","modified_gmt":"2025-01-30T15:04:01","slug":"6-2-2023-tarihinde-meydana-gelen-depremlerin-yol-actigi-ekonomik-kayiplarin-telafisi-icin-ek-motorlu-tasitlar-vergisi-ihdasi-ile-bazi-kanunlarda-ve-375-sayili-kanun-hukmunde-kararnamede-degisiklik-yap","status":"publish","type":"post","link":"https:\/\/lorenz.com.tr\/en\/6-2-2023-tarihinde-meydana-gelen-depremlerin-yol-actigi-ekonomik-kayiplarin-telafisi-icin-ek-motorlu-tasitlar-vergisi-ihdasi-ile-bazi-kanunlarda-ve-375-sayili-kanun-hukmunde-kararnamede-degisiklik-yap\/","title":{"rendered":"Deprem Nedeniyle Ek Vergi!"},"content":{"rendered":"<p style=\"text-align: center;\"><img decoding=\"async\" loading=\"lazy\" class=\"alignnone  wp-image-125\" src=\"https:\/\/lorenz.com.tr\/wp-content\/uploads\/2023\/08\/WhatsApp-Image-2023-08-02-at-12.59.59-3-300x228.jpeg\" alt=\"\" width=\"345\" height=\"262\" srcset=\"https:\/\/lorenz.com.tr\/wp-content\/uploads\/2023\/08\/WhatsApp-Image-2023-08-02-at-12.59.59-3-300x228.jpeg 300w, https:\/\/lorenz.com.tr\/wp-content\/uploads\/2023\/08\/WhatsApp-Image-2023-08-02-at-12.59.59-3-768x584.jpeg 768w, https:\/\/lorenz.com.tr\/wp-content\/uploads\/2023\/08\/WhatsApp-Image-2023-08-02-at-12.59.59-3.jpeg 1000w\" sizes=\"(max-width: 345px) 100vw, 345px\" \/><\/p>\n<p>&nbsp;<\/p>\n<p>&nbsp;<\/p>\n<p style=\"text-align: center;\">6\/2\/2023<strong> Tarihinde Meydana Gelen Depremlerin Yol A\u00e7t\u0131\u011f\u0131 Ekonomik Kay\u0131plar\u0131n Telafisi \u0130\u00e7in Ek Motorlu Ta\u015f\u0131tlar Vergisi \u0130hdas\u0131 ile Baz\u0131 Kanunlarda ve 375 Say\u0131l\u0131 Kanun H\u00fckm\u00fcnde Kararnamede De\u011fi\u015fiklik Yap\u0131lmas\u0131 Hakk\u0131nda Kanun!!!<\/strong><\/p>\n<p>&nbsp;<\/p>\n<p>\u2022 6 \u015eubat 2023 Tarihinde Meydana Gelen Depremlerin Yol A\u00e7t\u0131\u011f\u0131 Ekonomik Kay\u0131plar\u0131n Telafisi \u0130\u00e7in Ek Motorlu Ta\u015f\u0131tlar Vergisi \u0130hdas\u0131 ile Baz\u0131 Kanunlarda ve 375 Say\u0131l\u0131 Kanun H\u00fckm\u00fcnde Kararnamede De\u011fi\u015fiklik Yap\u0131lmas\u0131 Hakk\u0131nda Kanun Teklifi\u2019 kabul edildi.<br \/>\n\u2022 Motorlu Ta\u015f\u0131tlar Vergisi Kanununu \u00e7er\u00e7evesinde; kay\u0131t ve tescilli olan ta\u015f\u0131tlar ile 31 Aral\u0131k 2023 tarihine kadar ilk defa kay\u0131t ve tescil edilecek olan ta\u015f\u0131tlardan, bir defaya mahsus olmak \u00fczere, 2023 y\u0131l\u0131nda tahakkuk ettirilen motorlu ta\u015f\u0131tlar vergisi tutar\u0131 kadar ek motorlu ta\u015f\u0131tlar vergisi al\u0131nacakt\u0131r.<br \/>\n\u2022 Kahramanmara\u015f merkezli depremler nedeniyle Hazine ve Maliye Bakanl\u0131\u011f\u0131nca Vergi Usul Kanunu kapsam\u0131nda &#8220;m\u00fccbir sebep hali&#8221; ilan edilen yerlerde, deprem tarihi itibar\u0131yla kay\u0131t ve tescilli olan ta\u015f\u0131tlar, deprem nedeniyle y\u0131k\u0131lan veya a\u011f\u0131r ya da orta hasarl\u0131 hale gelen binalar\u0131n maliklerine ait ta\u015f\u0131tlar, depremlerde a\u011f\u0131r hasar g\u00f6rerek kullan\u0131lamaz duruma gelen ta\u015f\u0131tlar ile deprem nedeniyle e\u015fi veya birinci derece kan h\u0131s\u0131mlar\u0131ndan birini kaybeden m\u00fckelleflere ait ta\u015f\u0131tlar ek MTV&#8217;den m\u00fcstesna olacak.<br \/>\n\u2022 D\u00fczenlemenin yay\u0131mland\u0131\u011f\u0131 tarihte kay\u0131t ve tescilli bulunan otomobil, otob\u00fcs, kamyon, kamyonet, u\u00e7ak ve helikopterler dahil t\u00fcm ta\u015f\u0131tlar ile 31 Aral\u0131k 2023 tarihine kadar kay\u0131t ve tescil edilecek olan t\u00fcm ta\u015f\u0131tlar, ek MTV kapsam\u0131nda olacak. Ek MTV, 2023 y\u0131l\u0131 i\u00e7in tahakkuk ettirilen MTV tutar\u0131 kadar uygulanacak.<br \/>\n\u2022 Ek MTV iki e\u015fit taksitte tahakkuk ettirilecek. Ek MTV&#8217;nin ilk taksiti, d\u00fczenlemenin yay\u0131mland\u0131\u011f\u0131 ay\u0131 izleyen ay\u0131n sonuna kadar \u00f6denecek.\u00a0<br \/>\n\u2022 Kurumlar vergisi oran\u0131 5 puan art\u0131r\u0131ld\u0131, 3.Ge\u00e7ici d\u00f6neminden itibaren uygulanmaya ba\u015flayacakt\u0131r.<br \/>\n\u2022 Ta\u015f\u0131nmaz sat\u0131\u015f kazan\u00e7lar\u0131nda uygulanan kurumlar vergisi ve katma de\u011fer vergisi istisnas\u0131n\u0131n kald\u0131r\u0131ld\u0131.<br \/>\n1) \u00a0 \u00a0Kurumlar vergisi y\u00f6n\u00fcnden, Mevcut h\u00e2linde KVK\u2019nin 5\/1-e bendinde yer alan \u201cta\u015f\u0131nmazlar\u201d ibaresi kald\u0131r\u0131larak istisnaya son verilmi\u015ftir. Kanunun y\u00fcr\u00fcrl\u00fc\u011fe girdi\u011fi 15.07.2023 tarihinden sonra aktife giren ta\u015f\u0131nmazlar\u0131n sat\u0131\u015f\u0131ndan elde edilen kazan\u00e7larda istisna tamamen kald\u0131r\u0131lm\u0131\u015ft\u0131r. Ge\u00e7ici madde ile istisnan\u0131n son verildi\u011fi tarihten \u00f6nce kurumlar\u0131n aktifinde yer alan ta\u015f\u0131nmazlar i\u00e7in istisnan\u0131n devam\u0131 sa\u011flanm\u0131\u015ft\u0131r. Ancak istisna kald\u0131r\u0131lmadan \u00f6nce ta\u015f\u0131nmaz sat\u0131\u015flar\u0131ndan elde edilen kazan\u00e7lar\u0131n %50\u2019si istisna kapsam\u0131nda iken, ge\u00e7i\u015f d\u00f6neminde bu oran %25\u2019e indirmi\u015ftir.<br \/>\n2) \u00a0 \u00a0Katma De\u011fer Vergisi Y\u00f6n\u00fcnden, Mevcut h\u00e2linde KDVK\u2019nin 17\/4-r bendinde yer alan \u201cta\u015f\u0131nmazlar\u201d ibaresi kald\u0131r\u0131larak istisnaya son verilmi\u015ftir. Kanunun y\u00fcr\u00fcrl\u00fc\u011fe girdi\u011fi 15.07.2023 tarihinden sonra aktife giren ta\u015f\u0131nmazlar\u0131n sat\u0131\u015f\u0131nda katma de\u011fer vergisi istisnas\u0131 uygulamas\u0131 kald\u0131r\u0131lm\u0131\u015ft\u0131r. An\u0131lan tarihten sonra aktife giren ta\u015f\u0131nmazlar\u0131n devir ve teslimi katma de\u011fer vergisine tabi h\u00e2le gelmi\u015ftir. Ge\u00e7ici madde ile istisnan\u0131n son verildi\u011fi tarihten \u00f6nce kurumlar\u0131n aktifinde yer alan ta\u015f\u0131nmazlar i\u00e7in istisnan\u0131n devam\u0131 sa\u011flanm\u0131\u015ft\u0131r. Bu, \u015fu anlama gelmektedir: Kurum, kanunun y\u00fcr\u00fcrl\u00fc\u011fe girdi\u011fi 15.07.2023 tarihi itibar\u0131yla aktifinde bulunan ve en az iki tam s\u00fcre ile yer alan bir ta\u015f\u0131nmaz\u0131n\u0131 an\u0131lan tarihten sonra da satarsa katma de\u011fer vergisi istisnas\u0131ndan yaralanacakt\u0131r.<\/p>\n<p>\u2022 \u0130hracattan elde edilen kazan\u00e7lara uygulanan 1 puanl\u0131k indirimin 5 puana \u00e7\u0131kart\u0131ld\u0131.<br \/>\n\u2022 Konut kira art\u0131\u015flar\u0131nda uygulanan %25 oran\u0131 01\/07\/2024 tarihine kadar uzat\u0131lm\u0131\u015ft\u0131r.<\/p>\n<p>&nbsp;<\/p>\n<p>&nbsp;<\/p>\n","protected":false},"excerpt":{"rendered":"<p>6\/2\/2023 Tarihinde Meydana Gelen Depremlerin Yol A\u00e7t\u0131\u011f\u0131 Ekonomik Kay\u0131plar\u0131n Telafisi \u0130\u00e7in Ek Motorlu Ta\u015f\u0131tlar Vergisi \u0130hdas\u0131 ile Baz\u0131 Kanunlarda ve 375 Say\u0131l\u0131 Kanun H\u00fckm\u00fcnde Kararnamede De\u011fi\u015fiklik Yap\u0131lmas\u0131 Hakk\u0131nda Kanun<\/p>\n","protected":false},"author":1,"featured_media":131,"comment_status":"open","ping_status":"open","sticky":false,"template":"","format":"standard","meta":[],"categories":[2],"tags":[],"_links":{"self":[{"href":"https:\/\/lorenz.com.tr\/en\/wp-json\/wp\/v2\/posts\/122"}],"collection":[{"href":"https:\/\/lorenz.com.tr\/en\/wp-json\/wp\/v2\/posts"}],"about":[{"href":"https:\/\/lorenz.com.tr\/en\/wp-json\/wp\/v2\/types\/post"}],"author":[{"embeddable":true,"href":"https:\/\/lorenz.com.tr\/en\/wp-json\/wp\/v2\/users\/1"}],"replies":[{"embeddable":true,"href":"https:\/\/lorenz.com.tr\/en\/wp-json\/wp\/v2\/comments?post=122"}],"version-history":[{"count":5,"href":"https:\/\/lorenz.com.tr\/en\/wp-json\/wp\/v2\/posts\/122\/revisions"}],"predecessor-version":[{"id":229,"href":"https:\/\/lorenz.com.tr\/en\/wp-json\/wp\/v2\/posts\/122\/revisions\/229"}],"wp:featuredmedia":[{"embeddable":true,"href":"https:\/\/lorenz.com.tr\/en\/wp-json\/wp\/v2\/media\/131"}],"wp:attachment":[{"href":"https:\/\/lorenz.com.tr\/en\/wp-json\/wp\/v2\/media?parent=122"}],"wp:term":[{"taxonomy":"category","embeddable":true,"href":"https:\/\/lorenz.com.tr\/en\/wp-json\/wp\/v2\/categories?post=122"},{"taxonomy":"post_tag","embeddable":true,"href":"https:\/\/lorenz.com.tr\/en\/wp-json\/wp\/v2\/tags?post=122"}],"curies":[{"name":"wp","href":"https:\/\/api.w.org\/{rel}","templated":true}]}}